{"id":1065,"date":"2025-05-14T17:32:14","date_gmt":"2025-05-14T17:32:14","guid":{"rendered":"https:\/\/www.europeansharks.eu\/senza-categoria\/formazione-degli-ispettori-di-pesca-croati\/"},"modified":"2025-06-04T06:22:45","modified_gmt":"2025-06-04T06:22:45","slug":"formazione-degli-ispettori-di-pesca-croati","status":"publish","type":"post","link":"https:\/\/www.europeansharks.eu\/it\/notizie\/formazione-degli-ispettori-di-pesca-croati\/","title":{"rendered":"formazione degli ispettori di pesca croati"},"content":{"rendered":"\t\t<div data-elementor-type=\"wp-post\" data-elementor-id=\"1065\" class=\"elementor elementor-1065 elementor-805\" data-elementor-post-type=\"post\">\n\t\t\t\t<div class=\"elementor-element elementor-element-42e88eec e-flex e-con-boxed e-con e-parent\" data-id=\"42e88eec\" data-element_type=\"container\">\n\t\t\t\t\t<div class=\"e-con-inner\">\n\t\t\t\t<div class=\"elementor-element elementor-element-6d9fb24c elementor-widget elementor-widget-text-editor\" data-id=\"6d9fb24c\" data-element_type=\"widget\" data-widget_type=\"text-editor.default\">\n\t\t\t\t<div class=\"elementor-widget-container\">\n\t\t\t\t\t\t\t\t\t\n<p>La<strong>&#8220;Conferenza degli ispettori di pesca<\/strong>&#8221; \u00e8 un evento annuale organizzato dal <strong>Ministero croato dell&#8217;Agricoltura, delle Foreste e della Pesca. <\/strong> <\/p>\n<p>Questo evento a porte chiuse \u00e8 rivolto in particolare a coloro che si occupano di ispezioni in mare: funzionari del <strong>Ministero della Pesca<\/strong>, del <strong>Ministero della Difesa<\/strong> e del <strong>Ministero degli Affari Interni<\/strong>, membri della <strong>Guardia Costiera e della Polizia Marittima<\/strong>. Alla conferenza hanno partecipato anche i rappresentanti dell \u201cEFCA, l\u201d<strong>Agenzia Europea di Controllo della Pesca<\/strong>.<\/p>\n<p>Durante la conferenza il prof. <strong>Alen Soldo<\/strong> dell \u201c<strong>Universit\u00e0 di Spalato<\/strong> ha tenuto una presentazione sugli obiettivi del progetto LIFE EUSHARKS e ha istruito gli ispettori di pesca sull\u201d identificazione delle specie.  <\/p>\n<p>Solo un piccolo gruppo di squali e razze pu\u00f2 essere pescato in Croazia, poich\u00e9 molti sono gi\u00e0 specie strettamente protette dalla <strong>legge sulla protezione della natura<\/strong>, mentre altri sono vietati da diverse leggi sulla pesca. Per questo motivo, un problema particolare \u00e8 l \u201cidentificazione delle specie: delle 60 specie presenti nell\u201d Adriatico, non molte hanno caratteristiche facilmente riconoscibili. Pertanto, \u00e8 di fondamentale importanza che le persone coinvolte nell \u201capplicazione della legislazione, in primo luogo gli ispettori di pesca, siano ben istruite nell\u201d identificazione delle specie.<img fetchpriority=\"high\" decoding=\"async\" class=\"aligncenter size-full wp-image-807\" src=\"https:\/\/www.europeansharks.eu\/wp-content\/uploads\/2025\/05\/WhatsApp-Image-2025-05-07-at-19.22.05-1-e1748281243884.jpeg\" alt=\"\" width=\"1600\" height=\"885\" srcset=\"https:\/\/www.europeansharks.eu\/wp-content\/uploads\/2025\/05\/WhatsApp-Image-2025-05-07-at-19.22.05-1-e1748281243884.jpeg 1600w, https:\/\/www.europeansharks.eu\/wp-content\/uploads\/2025\/05\/WhatsApp-Image-2025-05-07-at-19.22.05-1-e1748281243884-300x166.jpeg 300w, https:\/\/www.europeansharks.eu\/wp-content\/uploads\/2025\/05\/WhatsApp-Image-2025-05-07-at-19.22.05-1-e1748281243884-1024x566.jpeg 1024w, https:\/\/www.europeansharks.eu\/wp-content\/uploads\/2025\/05\/WhatsApp-Image-2025-05-07-at-19.22.05-1-e1748281243884-768x425.jpeg 768w, https:\/\/www.europeansharks.eu\/wp-content\/uploads\/2025\/05\/WhatsApp-Image-2025-05-07-at-19.22.05-1-e1748281243884-1536x850.jpeg 1536w\" sizes=\"(max-width: 1600px) 100vw, 1600px\" \/><\/p>\n\n<p> <\/p>\n\t\t\t\t\t\t\t\t<\/div>\n\t\t\t\t<\/div>\n\t\t\t\t\t<\/div>\n\t\t\t\t<\/div>\n\t\t\t\t<\/div>\n\t\t","protected":false},"excerpt":{"rendered":"<p>La&#8220;Conferenza degli ispettori di pesca&#8221; \u00e8 un evento annuale organizzato dal Ministero croato dell&#8217;Agricoltura, delle Foreste e della Pesca. Questo evento a porte chiuse \u00e8 rivolto in particolare a coloro che si occupano di ispezioni in mare: funzionari del Ministero della Pesca, del Ministero della Difesa e del Ministero degli Affari Interni, membri della Guardia [&hellip;]<\/p>\n","protected":false},"author":5,"featured_media":1034,"comment_status":"closed","ping_status":"open","sticky":false,"template":"","format":"standard","meta":{"footnotes":""},"categories":[14],"tags":[],"class_list":["post-1065","post","type-post","status-publish","format-standard","has-post-thumbnail","hentry","category-notizie"],"_links":{"self":[{"href":"https:\/\/www.europeansharks.eu\/it\/wp-json\/wp\/v2\/posts\/1065","targetHints":{"allow":["GET"]}}],"collection":[{"href":"https:\/\/www.europeansharks.eu\/it\/wp-json\/wp\/v2\/posts"}],"about":[{"href":"https:\/\/www.europeansharks.eu\/it\/wp-json\/wp\/v2\/types\/post"}],"author":[{"embeddable":true,"href":"https:\/\/www.europeansharks.eu\/it\/wp-json\/wp\/v2\/users\/5"}],"replies":[{"embeddable":true,"href":"https:\/\/www.europeansharks.eu\/it\/wp-json\/wp\/v2\/comments?post=1065"}],"version-history":[{"count":3,"href":"https:\/\/www.europeansharks.eu\/it\/wp-json\/wp\/v2\/posts\/1065\/revisions"}],"predecessor-version":[{"id":1074,"href":"https:\/\/www.europeansharks.eu\/it\/wp-json\/wp\/v2\/posts\/1065\/revisions\/1074"}],"wp:featuredmedia":[{"embeddable":true,"href":"https:\/\/www.europeansharks.eu\/it\/wp-json\/wp\/v2\/media\/1034"}],"wp:attachment":[{"href":"https:\/\/www.europeansharks.eu\/it\/wp-json\/wp\/v2\/media?parent=1065"}],"wp:term":[{"taxonomy":"category","embeddable":true,"href":"https:\/\/www.europeansharks.eu\/it\/wp-json\/wp\/v2\/categories?post=1065"},{"taxonomy":"post_tag","embeddable":true,"href":"https:\/\/www.europeansharks.eu\/it\/wp-json\/wp\/v2\/tags?post=1065"}],"curies":[{"name":"wp","href":"https:\/\/api.w.org\/{rel}","templated":true}]}}